{"id":4807,"date":"2026-04-09T11:13:28","date_gmt":"2026-04-09T09:13:28","guid":{"rendered":"https:\/\/audioguide-paris.com\/?p=4807"},"modified":"2026-04-09T11:13:29","modified_gmt":"2026-04-09T09:13:29","slug":"le-marronnier-danne-frank","status":"publish","type":"post","link":"https:\/\/audioguide-paris.com\/index.php\/2026\/04\/09\/le-marronnier-danne-frank\/","title":{"rendered":"Le marronnier d&rsquo;Anne Frank"},"content":{"rendered":"\n<p>Le jardin d\u2019Anne Frank est d\u00e9di\u00e9e \u00e0 la c\u00e9l\u00e8bre auteur mondialement connue d\u2019un journal intime pendant la seconde guerre mondiale.<\/p>\n\n\n\n<p>A l\u2019\u00e9poque, elle se cachait avec sa famille et quatre amis \u00e0 Amsterdam pour \u00e9chapper \u00e0 la Shoah durant l\u2019occupation nazie.<\/p>\n\n\n\n<p>Ce jardin, inaugur\u00e9 le 20 juin 2007, est marqu\u00e9 par la plantation d\u2019une pousse de marronnier. Mais pas n\u2019importe laquelle puisque cette pousse provient d\u2019un marronnier situ\u00e9 dans le centre-ville d\u2019Amsterdam, celui-l\u00e0 m\u00eame qu\u2019Anne Frank apercevait depuis sa fen\u00eatre et qu\u2019elle d\u00e9crit dans son journal intime.<\/p>\n\n\n\n<p>La pr\u00e9sence symbolique de cette pousse vient rendre hommage au courage et \u00e0 la r\u00e9silience d\u2019Anne Franck face \u00e0 l\u2019adversit\u00e9.<\/p>\n","protected":false},"excerpt":{"rendered":"<p>Le jardin d\u2019Anne Frank est d\u00e9di\u00e9e \u00e0 la c\u00e9l\u00e8bre auteur mondialement connue d\u2019un journal intime pendant la seconde guerre mondiale. A l\u2019\u00e9poque, elle se cachait avec sa famille et quatre amis \u00e0 Amsterdam pour \u00e9chapper \u00e0 la Shoah durant l\u2019occupation nazie. Ce jardin, inaugur\u00e9 le 20 juin 2007, est marqu\u00e9 par la plantation d\u2019une pousse [&hellip;]<\/p>\n","protected":false},"author":1,"featured_media":4808,"comment_status":"open","ping_status":"open","sticky":false,"template":"","format":"standard","meta":{"footnotes":""},"categories":[9],"tags":[],"class_list":["post-4807","post","type-post","status-publish","format-standard","has-post-thumbnail","hentry","category-non-classe-fr"],"yoast_head":"<!-- This site is optimized with the Yoast SEO plugin v26.6 - https:\/\/yoast.com\/wordpress\/plugins\/seo\/ -->\n<title>Le marronnier d&#039;Anne Frank - Audio Guide Paris<\/title>\n<meta name=\"robots\" content=\"index, follow, max-snippet:-1, max-image-preview:large, max-video-preview:-1\" \/>\n<link rel=\"canonical\" href=\"https:\/\/audioguide-paris.com\/index.php\/2026\/04\/09\/le-marronnier-danne-frank\/\" \/>\n<meta property=\"og:locale\" content=\"fr_FR\" \/>\n<meta property=\"og:type\" content=\"article\" \/>\n<meta property=\"og:title\" content=\"Le marronnier d&#039;Anne Frank - Audio Guide Paris\" \/>\n<meta property=\"og:description\" content=\"Le jardin d\u2019Anne Frank est d\u00e9di\u00e9e \u00e0 la c\u00e9l\u00e8bre auteur mondialement connue d\u2019un journal intime pendant la seconde guerre mondiale. A l\u2019\u00e9poque, elle se cachait avec sa famille et quatre amis \u00e0 Amsterdam pour \u00e9chapper \u00e0 la Shoah durant l\u2019occupation nazie. Ce jardin, inaugur\u00e9 le 20 juin 2007, est marqu\u00e9 par la plantation d\u2019une pousse [&hellip;]\" \/>\n<meta property=\"og:url\" content=\"https:\/\/audioguide-paris.com\/index.php\/2026\/04\/09\/le-marronnier-danne-frank\/\" \/>\n<meta property=\"og:site_name\" content=\"Audio Guide Paris\" \/>\n<meta property=\"article:publisher\" content=\"https:\/\/www.facebook.com\/profile.php?id=61558434027122\" \/>\n<meta property=\"article:published_time\" content=\"2026-04-09T09:13:28+00:00\" \/>\n<meta property=\"article:modified_time\" content=\"2026-04-09T09:13:29+00:00\" \/>\n<meta property=\"og:image\" content=\"https:\/\/audioguide-paris.com\/wp-content\/uploads\/2026\/04\/anne-frank-marronier.jpg\" \/>\n\t<meta property=\"og:image:width\" content=\"861\" \/>\n\t<meta property=\"og:image:height\" content=\"509\" \/>\n\t<meta property=\"og:image:type\" content=\"image\/jpeg\" \/>\n<meta name=\"author\" content=\"admin6821\" \/>\n<meta name=\"twitter:card\" content=\"summary_large_image\" \/>\n<meta name=\"twitter:label1\" content=\"\u00c9crit par\" \/>\n\t<meta name=\"twitter:data1\" content=\"admin6821\" \/>\n\t<meta name=\"twitter:label2\" content=\"Dur\u00e9e de lecture estim\u00e9e\" \/>\n\t<meta name=\"twitter:data2\" content=\"1 minute\" \/>\n<script type=\"application\/ld+json\" class=\"yoast-schema-graph\">{\"@context\":\"https:\/\/schema.org\",\"@graph\":[{\"@type\":\"Article\",\"@id\":\"https:\/\/audioguide-paris.com\/index.php\/2026\/04\/09\/le-marronnier-danne-frank\/#article\",\"isPartOf\":{\"@id\":\"https:\/\/audioguide-paris.com\/index.php\/2026\/04\/09\/le-marronnier-danne-frank\/\"},\"author\":{\"name\":\"admin6821\",\"@id\":\"https:\/\/audioguide-paris.com\/#\/schema\/person\/87d3b93353a75869b2aa795ed88bcf52\"},\"headline\":\"Le marronnier d&rsquo;Anne Frank\",\"datePublished\":\"2026-04-09T09:13:28+00:00\",\"dateModified\":\"2026-04-09T09:13:29+00:00\",\"mainEntityOfPage\":{\"@id\":\"https:\/\/audioguide-paris.com\/index.php\/2026\/04\/09\/le-marronnier-danne-frank\/\"},\"wordCount\":125,\"commentCount\":0,\"publisher\":{\"@id\":\"https:\/\/audioguide-paris.com\/#organization\"},\"image\":{\"@id\":\"https:\/\/audioguide-paris.com\/index.php\/2026\/04\/09\/le-marronnier-danne-frank\/#primaryimage\"},\"thumbnailUrl\":\"https:\/\/audioguide-paris.com\/wp-content\/uploads\/2026\/04\/anne-frank-marronier.jpg\",\"inLanguage\":\"fr-FR\",\"potentialAction\":[{\"@type\":\"CommentAction\",\"name\":\"Comment\",\"target\":[\"https:\/\/audioguide-paris.com\/index.php\/2026\/04\/09\/le-marronnier-danne-frank\/#respond\"]}]},{\"@type\":\"WebPage\",\"@id\":\"https:\/\/audioguide-paris.com\/index.php\/2026\/04\/09\/le-marronnier-danne-frank\/\",\"url\":\"https:\/\/audioguide-paris.com\/index.php\/2026\/04\/09\/le-marronnier-danne-frank\/\",\"name\":\"Le marronnier d'Anne Frank - Audio Guide Paris\",\"isPartOf\":{\"@id\":\"https:\/\/audioguide-paris.com\/#website\"},\"primaryImageOfPage\":{\"@id\":\"https:\/\/audioguide-paris.com\/index.php\/2026\/04\/09\/le-marronnier-danne-frank\/#primaryimage\"},\"image\":{\"@id\":\"https:\/\/audioguide-paris.com\/index.php\/2026\/04\/09\/le-marronnier-danne-frank\/#primaryimage\"},\"thumbnailUrl\":\"https:\/\/audioguide-paris.com\/wp-content\/uploads\/2026\/04\/anne-frank-marronier.jpg\",\"datePublished\":\"2026-04-09T09:13:28+00:00\",\"dateModified\":\"2026-04-09T09:13:29+00:00\",\"breadcrumb\":{\"@id\":\"https:\/\/audioguide-paris.com\/index.php\/2026\/04\/09\/le-marronnier-danne-frank\/#breadcrumb\"},\"inLanguage\":\"fr-FR\",\"potentialAction\":[{\"@type\":\"ReadAction\",\"target\":[\"https:\/\/audioguide-paris.com\/index.php\/2026\/04\/09\/le-marronnier-danne-frank\/\"]}]},{\"@type\":\"ImageObject\",\"inLanguage\":\"fr-FR\",\"@id\":\"https:\/\/audioguide-paris.com\/index.php\/2026\/04\/09\/le-marronnier-danne-frank\/#primaryimage\",\"url\":\"https:\/\/audioguide-paris.com\/wp-content\/uploads\/2026\/04\/anne-frank-marronier.jpg\",\"contentUrl\":\"https:\/\/audioguide-paris.com\/wp-content\/uploads\/2026\/04\/anne-frank-marronier.jpg\",\"width\":861,\"height\":509},{\"@type\":\"BreadcrumbList\",\"@id\":\"https:\/\/audioguide-paris.com\/index.php\/2026\/04\/09\/le-marronnier-danne-frank\/#breadcrumb\",\"itemListElement\":[{\"@type\":\"ListItem\",\"position\":1,\"name\":\"Accueil\",\"item\":\"https:\/\/audioguide-paris.com\/\"},{\"@type\":\"ListItem\",\"position\":2,\"name\":\"Le marronnier d&rsquo;Anne Frank\"}]},{\"@type\":\"WebSite\",\"@id\":\"https:\/\/audioguide-paris.com\/#website\",\"url\":\"https:\/\/audioguide-paris.com\/\",\"name\":\"Audio Guide Paris\",\"description\":\"D\u00e9couvrez les tr\u00e9sors de Paris en compagnie d\u2019un expert\",\"publisher\":{\"@id\":\"https:\/\/audioguide-paris.com\/#organization\"},\"potentialAction\":[{\"@type\":\"SearchAction\",\"target\":{\"@type\":\"EntryPoint\",\"urlTemplate\":\"https:\/\/audioguide-paris.com\/?s={search_term_string}\"},\"query-input\":{\"@type\":\"PropertyValueSpecification\",\"valueRequired\":true,\"valueName\":\"search_term_string\"}}],\"inLanguage\":\"fr-FR\"},{\"@type\":\"Organization\",\"@id\":\"https:\/\/audioguide-paris.com\/#organization\",\"name\":\"Audio Guide Paris\",\"url\":\"https:\/\/audioguide-paris.com\/\",\"logo\":{\"@type\":\"ImageObject\",\"inLanguage\":\"fr-FR\",\"@id\":\"https:\/\/audioguide-paris.com\/#\/schema\/logo\/image\/\",\"url\":\"https:\/\/audioguide-paris.com\/wp-content\/uploads\/2024\/04\/cropped-cropped-Logo-transparent.png\",\"contentUrl\":\"https:\/\/audioguide-paris.com\/wp-content\/uploads\/2024\/04\/cropped-cropped-Logo-transparent.png\",\"width\":898,\"height\":898,\"caption\":\"Audio Guide Paris\"},\"image\":{\"@id\":\"https:\/\/audioguide-paris.com\/#\/schema\/logo\/image\/\"},\"sameAs\":[\"https:\/\/www.facebook.com\/profile.php?id=61558434027122\",\"https:\/\/www.instagram.com\/audioguideparis\/\"]},{\"@type\":\"Person\",\"@id\":\"https:\/\/audioguide-paris.com\/#\/schema\/person\/87d3b93353a75869b2aa795ed88bcf52\",\"name\":\"admin6821\",\"image\":{\"@type\":\"ImageObject\",\"inLanguage\":\"fr-FR\",\"@id\":\"https:\/\/audioguide-paris.com\/#\/schema\/person\/image\/\",\"url\":\"https:\/\/secure.gravatar.com\/avatar\/1b2af690347558c11920f73e6a53cb7172dfb6a7a4f6e90c1fb906c99fb77e8f?s=96&d=mm&r=g\",\"contentUrl\":\"https:\/\/secure.gravatar.com\/avatar\/1b2af690347558c11920f73e6a53cb7172dfb6a7a4f6e90c1fb906c99fb77e8f?s=96&d=mm&r=g\",\"caption\":\"admin6821\"},\"sameAs\":[\"http:\/\/audioguide-paris.com\"],\"url\":\"https:\/\/audioguide-paris.com\/index.php\/author\/admin6821\/\"}]}<\/script>\n<!-- \/ Yoast SEO plugin. -->","yoast_head_json":{"title":"Le marronnier d'Anne Frank - Audio Guide Paris","robots":{"index":"index","follow":"follow","max-snippet":"max-snippet:-1","max-image-preview":"max-image-preview:large","max-video-preview":"max-video-preview:-1"},"canonical":"https:\/\/audioguide-paris.com\/index.php\/2026\/04\/09\/le-marronnier-danne-frank\/","og_locale":"fr_FR","og_type":"article","og_title":"Le marronnier d'Anne Frank - Audio Guide Paris","og_description":"Le jardin d\u2019Anne Frank est d\u00e9di\u00e9e \u00e0 la c\u00e9l\u00e8bre auteur mondialement connue d\u2019un journal intime pendant la seconde guerre mondiale. A l\u2019\u00e9poque, elle se cachait avec sa famille et quatre amis \u00e0 Amsterdam pour \u00e9chapper \u00e0 la Shoah durant l\u2019occupation nazie. Ce jardin, inaugur\u00e9 le 20 juin 2007, est marqu\u00e9 par la plantation d\u2019une pousse [&hellip;]","og_url":"https:\/\/audioguide-paris.com\/index.php\/2026\/04\/09\/le-marronnier-danne-frank\/","og_site_name":"Audio Guide Paris","article_publisher":"https:\/\/www.facebook.com\/profile.php?id=61558434027122","article_published_time":"2026-04-09T09:13:28+00:00","article_modified_time":"2026-04-09T09:13:29+00:00","og_image":[{"width":861,"height":509,"url":"https:\/\/audioguide-paris.com\/wp-content\/uploads\/2026\/04\/anne-frank-marronier.jpg","type":"image\/jpeg"}],"author":"admin6821","twitter_card":"summary_large_image","twitter_misc":{"\u00c9crit par":"admin6821","Dur\u00e9e de lecture estim\u00e9e":"1 minute"},"schema":{"@context":"https:\/\/schema.org","@graph":[{"@type":"Article","@id":"https:\/\/audioguide-paris.com\/index.php\/2026\/04\/09\/le-marronnier-danne-frank\/#article","isPartOf":{"@id":"https:\/\/audioguide-paris.com\/index.php\/2026\/04\/09\/le-marronnier-danne-frank\/"},"author":{"name":"admin6821","@id":"https:\/\/audioguide-paris.com\/#\/schema\/person\/87d3b93353a75869b2aa795ed88bcf52"},"headline":"Le marronnier d&rsquo;Anne Frank","datePublished":"2026-04-09T09:13:28+00:00","dateModified":"2026-04-09T09:13:29+00:00","mainEntityOfPage":{"@id":"https:\/\/audioguide-paris.com\/index.php\/2026\/04\/09\/le-marronnier-danne-frank\/"},"wordCount":125,"commentCount":0,"publisher":{"@id":"https:\/\/audioguide-paris.com\/#organization"},"image":{"@id":"https:\/\/audioguide-paris.com\/index.php\/2026\/04\/09\/le-marronnier-danne-frank\/#primaryimage"},"thumbnailUrl":"https:\/\/audioguide-paris.com\/wp-content\/uploads\/2026\/04\/anne-frank-marronier.jpg","inLanguage":"fr-FR","potentialAction":[{"@type":"CommentAction","name":"Comment","target":["https:\/\/audioguide-paris.com\/index.php\/2026\/04\/09\/le-marronnier-danne-frank\/#respond"]}]},{"@type":"WebPage","@id":"https:\/\/audioguide-paris.com\/index.php\/2026\/04\/09\/le-marronnier-danne-frank\/","url":"https:\/\/audioguide-paris.com\/index.php\/2026\/04\/09\/le-marronnier-danne-frank\/","name":"Le marronnier d'Anne Frank - Audio Guide Paris","isPartOf":{"@id":"https:\/\/audioguide-paris.com\/#website"},"primaryImageOfPage":{"@id":"https:\/\/audioguide-paris.com\/index.php\/2026\/04\/09\/le-marronnier-danne-frank\/#primaryimage"},"image":{"@id":"https:\/\/audioguide-paris.com\/index.php\/2026\/04\/09\/le-marronnier-danne-frank\/#primaryimage"},"thumbnailUrl":"https:\/\/audioguide-paris.com\/wp-content\/uploads\/2026\/04\/anne-frank-marronier.jpg","datePublished":"2026-04-09T09:13:28+00:00","dateModified":"2026-04-09T09:13:29+00:00","breadcrumb":{"@id":"https:\/\/audioguide-paris.com\/index.php\/2026\/04\/09\/le-marronnier-danne-frank\/#breadcrumb"},"inLanguage":"fr-FR","potentialAction":[{"@type":"ReadAction","target":["https:\/\/audioguide-paris.com\/index.php\/2026\/04\/09\/le-marronnier-danne-frank\/"]}]},{"@type":"ImageObject","inLanguage":"fr-FR","@id":"https:\/\/audioguide-paris.com\/index.php\/2026\/04\/09\/le-marronnier-danne-frank\/#primaryimage","url":"https:\/\/audioguide-paris.com\/wp-content\/uploads\/2026\/04\/anne-frank-marronier.jpg","contentUrl":"https:\/\/audioguide-paris.com\/wp-content\/uploads\/2026\/04\/anne-frank-marronier.jpg","width":861,"height":509},{"@type":"BreadcrumbList","@id":"https:\/\/audioguide-paris.com\/index.php\/2026\/04\/09\/le-marronnier-danne-frank\/#breadcrumb","itemListElement":[{"@type":"ListItem","position":1,"name":"Accueil","item":"https:\/\/audioguide-paris.com\/"},{"@type":"ListItem","position":2,"name":"Le marronnier d&rsquo;Anne Frank"}]},{"@type":"WebSite","@id":"https:\/\/audioguide-paris.com\/#website","url":"https:\/\/audioguide-paris.com\/","name":"Audio Guide Paris","description":"D\u00e9couvrez les tr\u00e9sors de Paris en compagnie d\u2019un expert","publisher":{"@id":"https:\/\/audioguide-paris.com\/#organization"},"potentialAction":[{"@type":"SearchAction","target":{"@type":"EntryPoint","urlTemplate":"https:\/\/audioguide-paris.com\/?s={search_term_string}"},"query-input":{"@type":"PropertyValueSpecification","valueRequired":true,"valueName":"search_term_string"}}],"inLanguage":"fr-FR"},{"@type":"Organization","@id":"https:\/\/audioguide-paris.com\/#organization","name":"Audio Guide Paris","url":"https:\/\/audioguide-paris.com\/","logo":{"@type":"ImageObject","inLanguage":"fr-FR","@id":"https:\/\/audioguide-paris.com\/#\/schema\/logo\/image\/","url":"https:\/\/audioguide-paris.com\/wp-content\/uploads\/2024\/04\/cropped-cropped-Logo-transparent.png","contentUrl":"https:\/\/audioguide-paris.com\/wp-content\/uploads\/2024\/04\/cropped-cropped-Logo-transparent.png","width":898,"height":898,"caption":"Audio Guide Paris"},"image":{"@id":"https:\/\/audioguide-paris.com\/#\/schema\/logo\/image\/"},"sameAs":["https:\/\/www.facebook.com\/profile.php?id=61558434027122","https:\/\/www.instagram.com\/audioguideparis\/"]},{"@type":"Person","@id":"https:\/\/audioguide-paris.com\/#\/schema\/person\/87d3b93353a75869b2aa795ed88bcf52","name":"admin6821","image":{"@type":"ImageObject","inLanguage":"fr-FR","@id":"https:\/\/audioguide-paris.com\/#\/schema\/person\/image\/","url":"https:\/\/secure.gravatar.com\/avatar\/1b2af690347558c11920f73e6a53cb7172dfb6a7a4f6e90c1fb906c99fb77e8f?s=96&d=mm&r=g","contentUrl":"https:\/\/secure.gravatar.com\/avatar\/1b2af690347558c11920f73e6a53cb7172dfb6a7a4f6e90c1fb906c99fb77e8f?s=96&d=mm&r=g","caption":"admin6821"},"sameAs":["http:\/\/audioguide-paris.com"],"url":"https:\/\/audioguide-paris.com\/index.php\/author\/admin6821\/"}]}},"_links":{"self":[{"href":"https:\/\/audioguide-paris.com\/index.php\/wp-json\/wp\/v2\/posts\/4807","targetHints":{"allow":["GET"]}}],"collection":[{"href":"https:\/\/audioguide-paris.com\/index.php\/wp-json\/wp\/v2\/posts"}],"about":[{"href":"https:\/\/audioguide-paris.com\/index.php\/wp-json\/wp\/v2\/types\/post"}],"author":[{"embeddable":true,"href":"https:\/\/audioguide-paris.com\/index.php\/wp-json\/wp\/v2\/users\/1"}],"replies":[{"embeddable":true,"href":"https:\/\/audioguide-paris.com\/index.php\/wp-json\/wp\/v2\/comments?post=4807"}],"version-history":[{"count":1,"href":"https:\/\/audioguide-paris.com\/index.php\/wp-json\/wp\/v2\/posts\/4807\/revisions"}],"predecessor-version":[{"id":4809,"href":"https:\/\/audioguide-paris.com\/index.php\/wp-json\/wp\/v2\/posts\/4807\/revisions\/4809"}],"wp:featuredmedia":[{"embeddable":true,"href":"https:\/\/audioguide-paris.com\/index.php\/wp-json\/wp\/v2\/media\/4808"}],"wp:attachment":[{"href":"https:\/\/audioguide-paris.com\/index.php\/wp-json\/wp\/v2\/media?parent=4807"}],"wp:term":[{"taxonomy":"category","embeddable":true,"href":"https:\/\/audioguide-paris.com\/index.php\/wp-json\/wp\/v2\/categories?post=4807"},{"taxonomy":"post_tag","embeddable":true,"href":"https:\/\/audioguide-paris.com\/index.php\/wp-json\/wp\/v2\/tags?post=4807"}],"curies":[{"name":"wp","href":"https:\/\/api.w.org\/{rel}","templated":true}]}}