{"id":4810,"date":"2026-04-09T11:21:32","date_gmt":"2026-04-09T09:21:32","guid":{"rendered":"https:\/\/audioguide-paris.com\/?p=4810"},"modified":"2026-04-09T11:21:33","modified_gmt":"2026-04-09T09:21:33","slug":"the-anne-frank-chestnut-tree","status":"publish","type":"post","link":"https:\/\/audioguide-paris.com\/index.php\/en\/2026\/04\/09\/the-anne-frank-chestnut-tree\/","title":{"rendered":"The Anne Frank Chestnut Tree"},"content":{"rendered":"\n<p>The Anne Frank Garden is dedicated to the world-famous author of a diary written during the Second World War.<\/p>\n\n\n\n<p>At the time, she was hiding in Amsterdam with her family and four friends to escape the Holocaust during the Nazi occupation.<\/p>\n\n\n\n<p>This garden, inaugurated on June 20, 2007, is marked by the planting of a chestnut sapling. But not just any sapling\u2014it comes from a chestnut tree located in the city center of Amsterdam, the very one Anne Frank could see from her window and described in her diary.<\/p>\n\n\n\n<p>The symbolic presence of this sapling pays tribute to Anne Frank\u2019s courage and resilience in the face of adversity.<\/p>\n","protected":false},"excerpt":{"rendered":"<p>The Anne Frank Garden is dedicated to the world-famous author of a diary written during the Second World War. At the time, she was hiding in Amsterdam with her family and four friends to escape the Holocaust during the Nazi occupation. This garden, inaugurated on June 20, 2007, is marked by the planting of a [&hellip;]<\/p>\n","protected":false},"author":1,"featured_media":4808,"comment_status":"open","ping_status":"open","sticky":false,"template":"","format":"standard","meta":{"footnotes":""},"categories":[15],"tags":[],"class_list":["post-4810","post","type-post","status-publish","format-standard","has-post-thumbnail","hentry","category-non-classe-en"],"yoast_head":"<!-- This site is optimized with the Yoast SEO plugin v26.6 - https:\/\/yoast.com\/wordpress\/plugins\/seo\/ -->\n<title>The Anne Frank Chestnut Tree - Audio Guide Paris<\/title>\n<meta name=\"robots\" content=\"index, follow, max-snippet:-1, max-image-preview:large, max-video-preview:-1\" \/>\n<link rel=\"canonical\" href=\"https:\/\/audioguide-paris.com\/index.php\/en\/2026\/04\/09\/the-anne-frank-chestnut-tree\/\" \/>\n<meta property=\"og:locale\" content=\"fr_FR\" \/>\n<meta property=\"og:type\" content=\"article\" \/>\n<meta property=\"og:title\" content=\"The Anne Frank Chestnut Tree - Audio Guide Paris\" \/>\n<meta property=\"og:description\" content=\"The Anne Frank Garden is dedicated to the world-famous author of a diary written during the Second World War. At the time, she was hiding in Amsterdam with her family and four friends to escape the Holocaust during the Nazi occupation. This garden, inaugurated on June 20, 2007, is marked by the planting of a [&hellip;]\" \/>\n<meta property=\"og:url\" content=\"https:\/\/audioguide-paris.com\/index.php\/en\/2026\/04\/09\/the-anne-frank-chestnut-tree\/\" \/>\n<meta property=\"og:site_name\" content=\"Audio Guide Paris\" \/>\n<meta property=\"article:publisher\" content=\"https:\/\/www.facebook.com\/profile.php?id=61558434027122\" \/>\n<meta property=\"article:published_time\" content=\"2026-04-09T09:21:32+00:00\" \/>\n<meta property=\"article:modified_time\" content=\"2026-04-09T09:21:33+00:00\" \/>\n<meta property=\"og:image\" content=\"https:\/\/audioguide-paris.com\/wp-content\/uploads\/2026\/04\/anne-frank-marronier.jpg\" \/>\n\t<meta property=\"og:image:width\" content=\"861\" \/>\n\t<meta property=\"og:image:height\" content=\"509\" \/>\n\t<meta property=\"og:image:type\" content=\"image\/jpeg\" \/>\n<meta name=\"author\" content=\"admin6821\" \/>\n<meta name=\"twitter:card\" content=\"summary_large_image\" \/>\n<meta name=\"twitter:label1\" content=\"\u00c9crit par\" \/>\n\t<meta name=\"twitter:data1\" content=\"admin6821\" \/>\n\t<meta name=\"twitter:label2\" content=\"Dur\u00e9e de lecture estim\u00e9e\" \/>\n\t<meta name=\"twitter:data2\" content=\"1 minute\" \/>\n<script type=\"application\/ld+json\" class=\"yoast-schema-graph\">{\"@context\":\"https:\/\/schema.org\",\"@graph\":[{\"@type\":\"Article\",\"@id\":\"https:\/\/audioguide-paris.com\/index.php\/en\/2026\/04\/09\/the-anne-frank-chestnut-tree\/#article\",\"isPartOf\":{\"@id\":\"https:\/\/audioguide-paris.com\/index.php\/en\/2026\/04\/09\/the-anne-frank-chestnut-tree\/\"},\"author\":{\"name\":\"admin6821\",\"@id\":\"https:\/\/audioguide-paris.com\/#\/schema\/person\/87d3b93353a75869b2aa795ed88bcf52\"},\"headline\":\"The Anne Frank Chestnut Tree\",\"datePublished\":\"2026-04-09T09:21:32+00:00\",\"dateModified\":\"2026-04-09T09:21:33+00:00\",\"mainEntityOfPage\":{\"@id\":\"https:\/\/audioguide-paris.com\/index.php\/en\/2026\/04\/09\/the-anne-frank-chestnut-tree\/\"},\"wordCount\":113,\"commentCount\":0,\"publisher\":{\"@id\":\"https:\/\/audioguide-paris.com\/#organization\"},\"image\":{\"@id\":\"https:\/\/audioguide-paris.com\/index.php\/en\/2026\/04\/09\/the-anne-frank-chestnut-tree\/#primaryimage\"},\"thumbnailUrl\":\"https:\/\/audioguide-paris.com\/wp-content\/uploads\/2026\/04\/anne-frank-marronier.jpg\",\"inLanguage\":\"fr-FR\",\"potentialAction\":[{\"@type\":\"CommentAction\",\"name\":\"Comment\",\"target\":[\"https:\/\/audioguide-paris.com\/index.php\/en\/2026\/04\/09\/the-anne-frank-chestnut-tree\/#respond\"]}]},{\"@type\":\"WebPage\",\"@id\":\"https:\/\/audioguide-paris.com\/index.php\/en\/2026\/04\/09\/the-anne-frank-chestnut-tree\/\",\"url\":\"https:\/\/audioguide-paris.com\/index.php\/en\/2026\/04\/09\/the-anne-frank-chestnut-tree\/\",\"name\":\"The Anne Frank Chestnut Tree - Audio Guide Paris\",\"isPartOf\":{\"@id\":\"https:\/\/audioguide-paris.com\/#website\"},\"primaryImageOfPage\":{\"@id\":\"https:\/\/audioguide-paris.com\/index.php\/en\/2026\/04\/09\/the-anne-frank-chestnut-tree\/#primaryimage\"},\"image\":{\"@id\":\"https:\/\/audioguide-paris.com\/index.php\/en\/2026\/04\/09\/the-anne-frank-chestnut-tree\/#primaryimage\"},\"thumbnailUrl\":\"https:\/\/audioguide-paris.com\/wp-content\/uploads\/2026\/04\/anne-frank-marronier.jpg\",\"datePublished\":\"2026-04-09T09:21:32+00:00\",\"dateModified\":\"2026-04-09T09:21:33+00:00\",\"breadcrumb\":{\"@id\":\"https:\/\/audioguide-paris.com\/index.php\/en\/2026\/04\/09\/the-anne-frank-chestnut-tree\/#breadcrumb\"},\"inLanguage\":\"fr-FR\",\"potentialAction\":[{\"@type\":\"ReadAction\",\"target\":[\"https:\/\/audioguide-paris.com\/index.php\/en\/2026\/04\/09\/the-anne-frank-chestnut-tree\/\"]}]},{\"@type\":\"ImageObject\",\"inLanguage\":\"fr-FR\",\"@id\":\"https:\/\/audioguide-paris.com\/index.php\/en\/2026\/04\/09\/the-anne-frank-chestnut-tree\/#primaryimage\",\"url\":\"https:\/\/audioguide-paris.com\/wp-content\/uploads\/2026\/04\/anne-frank-marronier.jpg\",\"contentUrl\":\"https:\/\/audioguide-paris.com\/wp-content\/uploads\/2026\/04\/anne-frank-marronier.jpg\",\"width\":861,\"height\":509},{\"@type\":\"BreadcrumbList\",\"@id\":\"https:\/\/audioguide-paris.com\/index.php\/en\/2026\/04\/09\/the-anne-frank-chestnut-tree\/#breadcrumb\",\"itemListElement\":[{\"@type\":\"ListItem\",\"position\":1,\"name\":\"Accueil\",\"item\":\"https:\/\/audioguide-paris.com\/\"},{\"@type\":\"ListItem\",\"position\":2,\"name\":\"The Anne Frank Chestnut Tree\"}]},{\"@type\":\"WebSite\",\"@id\":\"https:\/\/audioguide-paris.com\/#website\",\"url\":\"https:\/\/audioguide-paris.com\/\",\"name\":\"Audio Guide Paris\",\"description\":\"D\u00e9couvrez les tr\u00e9sors de Paris en compagnie d\u2019un expert\",\"publisher\":{\"@id\":\"https:\/\/audioguide-paris.com\/#organization\"},\"potentialAction\":[{\"@type\":\"SearchAction\",\"target\":{\"@type\":\"EntryPoint\",\"urlTemplate\":\"https:\/\/audioguide-paris.com\/?s={search_term_string}\"},\"query-input\":{\"@type\":\"PropertyValueSpecification\",\"valueRequired\":true,\"valueName\":\"search_term_string\"}}],\"inLanguage\":\"fr-FR\"},{\"@type\":\"Organization\",\"@id\":\"https:\/\/audioguide-paris.com\/#organization\",\"name\":\"Audio Guide Paris\",\"url\":\"https:\/\/audioguide-paris.com\/\",\"logo\":{\"@type\":\"ImageObject\",\"inLanguage\":\"fr-FR\",\"@id\":\"https:\/\/audioguide-paris.com\/#\/schema\/logo\/image\/\",\"url\":\"https:\/\/audioguide-paris.com\/wp-content\/uploads\/2024\/04\/cropped-cropped-Logo-transparent.png\",\"contentUrl\":\"https:\/\/audioguide-paris.com\/wp-content\/uploads\/2024\/04\/cropped-cropped-Logo-transparent.png\",\"width\":898,\"height\":898,\"caption\":\"Audio Guide Paris\"},\"image\":{\"@id\":\"https:\/\/audioguide-paris.com\/#\/schema\/logo\/image\/\"},\"sameAs\":[\"https:\/\/www.facebook.com\/profile.php?id=61558434027122\",\"https:\/\/www.instagram.com\/audioguideparis\/\"]},{\"@type\":\"Person\",\"@id\":\"https:\/\/audioguide-paris.com\/#\/schema\/person\/87d3b93353a75869b2aa795ed88bcf52\",\"name\":\"admin6821\",\"image\":{\"@type\":\"ImageObject\",\"inLanguage\":\"fr-FR\",\"@id\":\"https:\/\/audioguide-paris.com\/#\/schema\/person\/image\/\",\"url\":\"https:\/\/secure.gravatar.com\/avatar\/1b2af690347558c11920f73e6a53cb7172dfb6a7a4f6e90c1fb906c99fb77e8f?s=96&d=mm&r=g\",\"contentUrl\":\"https:\/\/secure.gravatar.com\/avatar\/1b2af690347558c11920f73e6a53cb7172dfb6a7a4f6e90c1fb906c99fb77e8f?s=96&d=mm&r=g\",\"caption\":\"admin6821\"},\"sameAs\":[\"http:\/\/audioguide-paris.com\"],\"url\":\"https:\/\/audioguide-paris.com\/index.php\/author\/admin6821\/\"}]}<\/script>\n<!-- \/ Yoast SEO plugin. -->","yoast_head_json":{"title":"The Anne Frank Chestnut Tree - Audio Guide Paris","robots":{"index":"index","follow":"follow","max-snippet":"max-snippet:-1","max-image-preview":"max-image-preview:large","max-video-preview":"max-video-preview:-1"},"canonical":"https:\/\/audioguide-paris.com\/index.php\/en\/2026\/04\/09\/the-anne-frank-chestnut-tree\/","og_locale":"fr_FR","og_type":"article","og_title":"The Anne Frank Chestnut Tree - Audio Guide Paris","og_description":"The Anne Frank Garden is dedicated to the world-famous author of a diary written during the Second World War. At the time, she was hiding in Amsterdam with her family and four friends to escape the Holocaust during the Nazi occupation. This garden, inaugurated on June 20, 2007, is marked by the planting of a [&hellip;]","og_url":"https:\/\/audioguide-paris.com\/index.php\/en\/2026\/04\/09\/the-anne-frank-chestnut-tree\/","og_site_name":"Audio Guide Paris","article_publisher":"https:\/\/www.facebook.com\/profile.php?id=61558434027122","article_published_time":"2026-04-09T09:21:32+00:00","article_modified_time":"2026-04-09T09:21:33+00:00","og_image":[{"width":861,"height":509,"url":"https:\/\/audioguide-paris.com\/wp-content\/uploads\/2026\/04\/anne-frank-marronier.jpg","type":"image\/jpeg"}],"author":"admin6821","twitter_card":"summary_large_image","twitter_misc":{"\u00c9crit par":"admin6821","Dur\u00e9e de lecture estim\u00e9e":"1 minute"},"schema":{"@context":"https:\/\/schema.org","@graph":[{"@type":"Article","@id":"https:\/\/audioguide-paris.com\/index.php\/en\/2026\/04\/09\/the-anne-frank-chestnut-tree\/#article","isPartOf":{"@id":"https:\/\/audioguide-paris.com\/index.php\/en\/2026\/04\/09\/the-anne-frank-chestnut-tree\/"},"author":{"name":"admin6821","@id":"https:\/\/audioguide-paris.com\/#\/schema\/person\/87d3b93353a75869b2aa795ed88bcf52"},"headline":"The Anne Frank Chestnut Tree","datePublished":"2026-04-09T09:21:32+00:00","dateModified":"2026-04-09T09:21:33+00:00","mainEntityOfPage":{"@id":"https:\/\/audioguide-paris.com\/index.php\/en\/2026\/04\/09\/the-anne-frank-chestnut-tree\/"},"wordCount":113,"commentCount":0,"publisher":{"@id":"https:\/\/audioguide-paris.com\/#organization"},"image":{"@id":"https:\/\/audioguide-paris.com\/index.php\/en\/2026\/04\/09\/the-anne-frank-chestnut-tree\/#primaryimage"},"thumbnailUrl":"https:\/\/audioguide-paris.com\/wp-content\/uploads\/2026\/04\/anne-frank-marronier.jpg","inLanguage":"fr-FR","potentialAction":[{"@type":"CommentAction","name":"Comment","target":["https:\/\/audioguide-paris.com\/index.php\/en\/2026\/04\/09\/the-anne-frank-chestnut-tree\/#respond"]}]},{"@type":"WebPage","@id":"https:\/\/audioguide-paris.com\/index.php\/en\/2026\/04\/09\/the-anne-frank-chestnut-tree\/","url":"https:\/\/audioguide-paris.com\/index.php\/en\/2026\/04\/09\/the-anne-frank-chestnut-tree\/","name":"The Anne Frank Chestnut Tree - Audio Guide Paris","isPartOf":{"@id":"https:\/\/audioguide-paris.com\/#website"},"primaryImageOfPage":{"@id":"https:\/\/audioguide-paris.com\/index.php\/en\/2026\/04\/09\/the-anne-frank-chestnut-tree\/#primaryimage"},"image":{"@id":"https:\/\/audioguide-paris.com\/index.php\/en\/2026\/04\/09\/the-anne-frank-chestnut-tree\/#primaryimage"},"thumbnailUrl":"https:\/\/audioguide-paris.com\/wp-content\/uploads\/2026\/04\/anne-frank-marronier.jpg","datePublished":"2026-04-09T09:21:32+00:00","dateModified":"2026-04-09T09:21:33+00:00","breadcrumb":{"@id":"https:\/\/audioguide-paris.com\/index.php\/en\/2026\/04\/09\/the-anne-frank-chestnut-tree\/#breadcrumb"},"inLanguage":"fr-FR","potentialAction":[{"@type":"ReadAction","target":["https:\/\/audioguide-paris.com\/index.php\/en\/2026\/04\/09\/the-anne-frank-chestnut-tree\/"]}]},{"@type":"ImageObject","inLanguage":"fr-FR","@id":"https:\/\/audioguide-paris.com\/index.php\/en\/2026\/04\/09\/the-anne-frank-chestnut-tree\/#primaryimage","url":"https:\/\/audioguide-paris.com\/wp-content\/uploads\/2026\/04\/anne-frank-marronier.jpg","contentUrl":"https:\/\/audioguide-paris.com\/wp-content\/uploads\/2026\/04\/anne-frank-marronier.jpg","width":861,"height":509},{"@type":"BreadcrumbList","@id":"https:\/\/audioguide-paris.com\/index.php\/en\/2026\/04\/09\/the-anne-frank-chestnut-tree\/#breadcrumb","itemListElement":[{"@type":"ListItem","position":1,"name":"Accueil","item":"https:\/\/audioguide-paris.com\/"},{"@type":"ListItem","position":2,"name":"The Anne Frank Chestnut Tree"}]},{"@type":"WebSite","@id":"https:\/\/audioguide-paris.com\/#website","url":"https:\/\/audioguide-paris.com\/","name":"Audio Guide Paris","description":"D\u00e9couvrez les tr\u00e9sors de Paris en compagnie d\u2019un expert","publisher":{"@id":"https:\/\/audioguide-paris.com\/#organization"},"potentialAction":[{"@type":"SearchAction","target":{"@type":"EntryPoint","urlTemplate":"https:\/\/audioguide-paris.com\/?s={search_term_string}"},"query-input":{"@type":"PropertyValueSpecification","valueRequired":true,"valueName":"search_term_string"}}],"inLanguage":"fr-FR"},{"@type":"Organization","@id":"https:\/\/audioguide-paris.com\/#organization","name":"Audio Guide Paris","url":"https:\/\/audioguide-paris.com\/","logo":{"@type":"ImageObject","inLanguage":"fr-FR","@id":"https:\/\/audioguide-paris.com\/#\/schema\/logo\/image\/","url":"https:\/\/audioguide-paris.com\/wp-content\/uploads\/2024\/04\/cropped-cropped-Logo-transparent.png","contentUrl":"https:\/\/audioguide-paris.com\/wp-content\/uploads\/2024\/04\/cropped-cropped-Logo-transparent.png","width":898,"height":898,"caption":"Audio Guide Paris"},"image":{"@id":"https:\/\/audioguide-paris.com\/#\/schema\/logo\/image\/"},"sameAs":["https:\/\/www.facebook.com\/profile.php?id=61558434027122","https:\/\/www.instagram.com\/audioguideparis\/"]},{"@type":"Person","@id":"https:\/\/audioguide-paris.com\/#\/schema\/person\/87d3b93353a75869b2aa795ed88bcf52","name":"admin6821","image":{"@type":"ImageObject","inLanguage":"fr-FR","@id":"https:\/\/audioguide-paris.com\/#\/schema\/person\/image\/","url":"https:\/\/secure.gravatar.com\/avatar\/1b2af690347558c11920f73e6a53cb7172dfb6a7a4f6e90c1fb906c99fb77e8f?s=96&d=mm&r=g","contentUrl":"https:\/\/secure.gravatar.com\/avatar\/1b2af690347558c11920f73e6a53cb7172dfb6a7a4f6e90c1fb906c99fb77e8f?s=96&d=mm&r=g","caption":"admin6821"},"sameAs":["http:\/\/audioguide-paris.com"],"url":"https:\/\/audioguide-paris.com\/index.php\/author\/admin6821\/"}]}},"_links":{"self":[{"href":"https:\/\/audioguide-paris.com\/index.php\/wp-json\/wp\/v2\/posts\/4810","targetHints":{"allow":["GET"]}}],"collection":[{"href":"https:\/\/audioguide-paris.com\/index.php\/wp-json\/wp\/v2\/posts"}],"about":[{"href":"https:\/\/audioguide-paris.com\/index.php\/wp-json\/wp\/v2\/types\/post"}],"author":[{"embeddable":true,"href":"https:\/\/audioguide-paris.com\/index.php\/wp-json\/wp\/v2\/users\/1"}],"replies":[{"embeddable":true,"href":"https:\/\/audioguide-paris.com\/index.php\/wp-json\/wp\/v2\/comments?post=4810"}],"version-history":[{"count":1,"href":"https:\/\/audioguide-paris.com\/index.php\/wp-json\/wp\/v2\/posts\/4810\/revisions"}],"predecessor-version":[{"id":4811,"href":"https:\/\/audioguide-paris.com\/index.php\/wp-json\/wp\/v2\/posts\/4810\/revisions\/4811"}],"wp:featuredmedia":[{"embeddable":true,"href":"https:\/\/audioguide-paris.com\/index.php\/wp-json\/wp\/v2\/media\/4808"}],"wp:attachment":[{"href":"https:\/\/audioguide-paris.com\/index.php\/wp-json\/wp\/v2\/media?parent=4810"}],"wp:term":[{"taxonomy":"category","embeddable":true,"href":"https:\/\/audioguide-paris.com\/index.php\/wp-json\/wp\/v2\/categories?post=4810"},{"taxonomy":"post_tag","embeddable":true,"href":"https:\/\/audioguide-paris.com\/index.php\/wp-json\/wp\/v2\/tags?post=4810"}],"curies":[{"name":"wp","href":"https:\/\/api.w.org\/{rel}","templated":true}]}}